{"id":3014,"date":"2021-03-15T09:50:16","date_gmt":"2021-03-15T08:50:16","guid":{"rendered":"https:\/\/www.thron.com\/?p=3014"},"modified":"2024-01-12T09:24:59","modified_gmt":"2024-01-12T08:24:59","slug":"la-repubblica-2021","status":"publish","type":"post","link":"https:\/\/www.thron.com\/it\/blog\/corporate\/la-repubblica-2021\/","title":{"rendered":"La Repubblica: THRON, il tool per gestire i contenuti"},"content":{"rendered":"\n<p>Siamo stati contattati da&nbsp;<strong><a href=\"https:\/\/roma.repubblica.it\/dossier-adv\/eccellenze-lazio\/2021\/03\/15\/news\/thron_una_soluzione_all_avanguardia_per_la_gestione_dei_contenuti_digitali-292313078\/\" target=\"_blank\" rel=\"noreferrer noopener\">LaRepubblica<\/a><\/strong>&nbsp;per un approfondimento sulla trasformazione digitale e su come essa possa rappresentare un aiuto concreto per le aziende che stanno attraversando l\u2019era COVID-19.<br><br><a href=\"https:\/\/www.thron.com\/it\/azienda\/chi-siamo\/\" data-type=\"page\" data-id=\"2664\">Noi di THRON<\/a> siamo convinti che pur rappresentando un cambio di paradigma, il digitale non debba distruggere le strutture esistenti, ma affiancarsi con consapevolezza e pazienza per potenziare modelli industriali consolidati, diventando cos\u00ec una vera opportunit\u00e0 per evolvere.<\/p>\n\n\n\n<div style=\"height:30px\" aria-hidden=\"true\" class=\"wp-block-spacer\"><\/div>\n\n\n\n<p><em>&#8220;Il momento storico che stiamo vivendo, pur nella sua drammaticit\u00e0, sta spingendo una grande fetta del tessuto imprenditoriale ad implementare nuove soluzioni avanzate. Il campo in cui queste esigenze sono pi\u00f9 pressanti \u00e8 quello caratterizzato dal sempre pi\u00f9 stretto legame tra contenuti digitali &#8211; siano essi testi, schede, immagini, video, rendering 3D &#8211; e il loro valore di informazione sui prodotti e servizi forniti da un\u2019azienda. E l\u2019efficiente gestione di questo patrimonio, e la sua circolazione intelligente sia internamente al business, che verso i clienti, rappresenta un elemento di competitivit\u00e0 non pi\u00f9 trascurabile in un mondo in transizione digitale e con limitazioni dei rapporti face to face.&nbsp;Proprio partendo da questi presupposti, una realt\u00e0 di Piazzola sul Brenta (Padova) dal 2009 ha fondato la sua visione, concretizzata nella <a href=\"https:\/\/www.thron.com\/it\/platform\/thron-platform\/\" data-type=\"page\" data-id=\"6\">piattaforma software THRON<\/a>. Questa, come racconta il CEO e Founder Nicola Meneghello, opera in cloud&nbsp; per aiutare le aziende e in particolare i marketers a gestire con efficacia la distribuzione dei contenuti digitali rimuovendo le duplicazioni&#8230;&#8221;&nbsp;<\/em><\/p>\n\n\n\n<div style=\"height:30px\" aria-hidden=\"true\" class=\"wp-block-spacer\"><\/div>\n\n\n\n<p>Continua a leggere l&#8217;articolo su&nbsp;<a href=\"https:\/\/roma.repubblica.it\/dossier-adv\/eccellenze-lazio\/2021\/03\/15\/news\/thron_una_soluzione_all_avanguardia_per_la_gestione_dei_contenuti_digitali-292313078\/\" target=\"_blank\" rel=\"noreferrer noopener\"><strong>Repubblica.it<\/strong><\/a><\/p>\n\n\n\n<div style=\"height:60px\" aria-hidden=\"true\" class=\"wp-block-spacer\"><\/div>\n\n\n\n<figure class=\"wp-block-image aligncenter size-large\"><img loading=\"lazy\" decoding=\"async\" width=\"1290\" height=\"882\" src=\"https:\/\/www.thron.com\/wp-content\/uploads\/2021\/03\/FotoNicola_Repubblica-1290x882.webp\" alt=\"\" class=\"wp-image-7767\" srcset=\"https:\/\/www.thron.com\/wp-content\/uploads\/2021\/03\/FotoNicola_Repubblica-1290x882.webp 1290w, https:\/\/www.thron.com\/wp-content\/uploads\/2021\/03\/FotoNicola_Repubblica-650x444.webp 650w, https:\/\/www.thron.com\/wp-content\/uploads\/2021\/03\/FotoNicola_Repubblica-768x525.webp 768w, https:\/\/www.thron.com\/wp-content\/uploads\/2021\/03\/FotoNicola_Repubblica-1536x1050.webp 1536w, https:\/\/www.thron.com\/wp-content\/uploads\/2021\/03\/FotoNicola_Repubblica-350x239.webp 350w, https:\/\/www.thron.com\/wp-content\/uploads\/2021\/03\/FotoNicola_Repubblica.webp 2000w\" sizes=\"auto, (max-width: 1290px) 100vw, 1290px\" \/><\/figure>\n","protected":false},"excerpt":{"rendered":"<p>Rileggi l&#8217;articolo su La Repubblica e scopri la nostra chiacchierata in piena emergenza COVID-19.<\/p>\n","protected":false},"author":10,"featured_media":10445,"comment_status":"closed","ping_status":"closed","sticky":false,"template":"","format":"standard","meta":{"_acf_changed":false,"footnotes":""},"categories":[8],"tags":[],"class_list":["post-3014","post","type-post","status-publish","format-standard","has-post-thumbnail","hentry","category-corporate"],"acf":[],"_links":{"self":[{"href":"https:\/\/www.thron.com\/it\/wp-json\/wp\/v2\/posts\/3014","targetHints":{"allow":["GET"]}}],"collection":[{"href":"https:\/\/www.thron.com\/it\/wp-json\/wp\/v2\/posts"}],"about":[{"href":"https:\/\/www.thron.com\/it\/wp-json\/wp\/v2\/types\/post"}],"author":[{"embeddable":true,"href":"https:\/\/www.thron.com\/it\/wp-json\/wp\/v2\/users\/10"}],"replies":[{"embeddable":true,"href":"https:\/\/www.thron.com\/it\/wp-json\/wp\/v2\/comments?post=3014"}],"version-history":[{"count":15,"href":"https:\/\/www.thron.com\/it\/wp-json\/wp\/v2\/posts\/3014\/revisions"}],"predecessor-version":[{"id":12074,"href":"https:\/\/www.thron.com\/it\/wp-json\/wp\/v2\/posts\/3014\/revisions\/12074"}],"wp:featuredmedia":[{"embeddable":true,"href":"https:\/\/www.thron.com\/it\/wp-json\/wp\/v2\/media\/10445"}],"wp:attachment":[{"href":"https:\/\/www.thron.com\/it\/wp-json\/wp\/v2\/media?parent=3014"}],"wp:term":[{"taxonomy":"category","embeddable":true,"href":"https:\/\/www.thron.com\/it\/wp-json\/wp\/v2\/categories?post=3014"},{"taxonomy":"post_tag","embeddable":true,"href":"https:\/\/www.thron.com\/it\/wp-json\/wp\/v2\/tags?post=3014"}],"curies":[{"name":"wp","href":"https:\/\/api.w.org\/{rel}","templated":true}]}}