{"id":4188,"date":"2023-07-10T14:01:06","date_gmt":"2023-07-10T12:01:06","guid":{"rendered":"https:\/\/www.thron.com\/?p=4188"},"modified":"2023-11-20T12:54:01","modified_gmt":"2023-11-20T11:54:01","slug":"davide-chiarotto-nuovo-ceo","status":"publish","type":"post","link":"https:\/\/www.thron.com\/it\/blog\/corporate\/davide-chiarotto-nuovo-ceo\/","title":{"rendered":"Davide Chiarotto \u00e8 il nostro nuovo CEO"},"content":{"rendered":"\n<p>\u00c8 ufficiale:&nbsp;<strong>Davide Chiarotto<\/strong>, gi\u00e0 COO dal 2017,&nbsp;<strong>\u00e8 il nuovo CEO di THRON<\/strong>.&nbsp;<br>Il nostro founder Nicola Meneghello ricopre ora il ruolo di Presidente.<\/p>\n\n\n\n<p>La doppia nomina \u00e8 solo l\u2019ultimo step di un\u2019evoluzione costante, che ha l\u2019obiettivo di farci raggiungere nuovi traguardi in continuit\u00e0 con la solida crescita che contraddistingue da tempo la nostra azienda.<\/p>\n\n\n\n<h2 class=\"wp-block-heading\" id=\"Paragrafo-1\">Due parole su Davide Chiarotto nuovo CEO<\/h2>\n\n\n\n<p>THRON People dal 2012, negli ultimi sei anni&nbsp;<a href=\"https:\/\/www.linkedin.com\/in\/davidechiarotto?miniProfileUrn=urn%3Ali%3Afs_miniProfile%3AACoAAAWpAtQBzzvi9uGw543D7rqoZUR_yLZjIxY&amp;lipi=urn%3Ali%3Apage%3Ad_flagship3_search_srp_all%3BEcwnYfv7R2WYiFM9rLgWpQ%3D%3D\" rel=\"noreferrer noopener\" target=\"_blank\">Davide<\/a>&nbsp;\u00e8 stato Chief Operating Officer coordinando ogni struttura operativa e contribuendo a rendere THRON la piattaforma di riferimento nei mercati DAM e PIM.<\/p>\n\n\n\n<p>\u202f\u00ab<em>Sono passati ormai undici anni da quando ho messo piede in questa azienda per la prima volta, attratto dal progetto, dai&nbsp;<strong>valori<\/strong>&nbsp;condivisi e dalla&nbsp;<strong>possibilit\u00e0 di esprimermi<\/strong>&nbsp;in una&nbsp;<strong>realt\u00e0 dirompente<\/strong><\/em>\u00bb ha dichiarato Davide alla stampa. \u00ab<strong><em>Oggi pi\u00f9 di allora quei sentimenti sono vivi e sono onorato di questo ruolo<\/em><\/strong>\u00bb.<br><br>Secondo il neopresidente Nicola Meneghello \u00ab<em>\u2026<strong>la nomina di Davide \u00e8 la naturale evoluzione di due percorsi di crescita paralleli<\/strong>:&nbsp;il suo e quello di THRON stessa, che nel 2022 ha registrato un fatturato di 6 milioni di euro, con un EBITDA di 1,3 milioni di euro: numeri che confermano tendenze da sempre positive<\/em>\u00bb.<\/p>\n\n\n\n<h2 class=\"wp-block-heading\" id=\"Paragrafo-1\">Saldamente proiettati verso il futuro<\/h2>\n\n\n\n<p>\u00ab<em>In questi anni siamo riusciti a costruire, grazie ad un team di lavoro fantastico, una realt\u00e0 d\u2019eccellenza, capace di far sistema con universit\u00e0 e altre imprese, diventando un punto di riferimento sul territorio<\/em>\u00bb ha raccontato Davide.<br><br>Obiettivi raggiunti grazie anche all\u2019incessante attenzione verso il perfezionamento dei processi organizzativi, di cui le due nuove nomine rappresentano un traguardo fondamentale.&nbsp;<br><br>Percorso che per\u00f2, pur avendo portato alla definizione di nuovi ruoli, si basa sui&nbsp;<strong>valori di sempre<\/strong>.<br><br>\u00ab<em>Il mio ruolo evolve a garanzia di continuit\u00e0 e dei valori forti che da sempre ci ispirano;&nbsp;<\/em>&#8211; dice Nicola, che continua \u2013&nbsp;<em>da Presidente curer\u00f2 lo sviluppo strategico, le relazioni esterne e il mentorship del management<\/em>\u00bb.<\/p>\n\n\n\n<figure class=\"wp-block-image size-large is-style-rounded\"><img loading=\"lazy\" decoding=\"async\" width=\"1290\" height=\"969\" src=\"https:\/\/www.thron.com\/wp-content\/uploads\/2023\/08\/Articolo28_NicolaDavide-1290x969.webp\" alt=\"Davide Chiarotto nuovo CEO, Nicola Meneghello Presidente di THRON\" class=\"wp-image-4529\" style=\"object-fit:cover\" srcset=\"https:\/\/www.thron.com\/wp-content\/uploads\/2023\/08\/Articolo28_NicolaDavide-1290x969.webp 1290w, https:\/\/www.thron.com\/wp-content\/uploads\/2023\/08\/Articolo28_NicolaDavide-650x488.webp 650w, https:\/\/www.thron.com\/wp-content\/uploads\/2023\/08\/Articolo28_NicolaDavide-768x577.webp 768w, https:\/\/www.thron.com\/wp-content\/uploads\/2023\/08\/Articolo28_NicolaDavide-1536x1154.webp 1536w, https:\/\/www.thron.com\/wp-content\/uploads\/2023\/08\/Articolo28_NicolaDavide-350x263.webp 350w, https:\/\/www.thron.com\/wp-content\/uploads\/2023\/08\/Articolo28_NicolaDavide.webp 2000w\" sizes=\"auto, (max-width: 1290px) 100vw, 1290px\" \/><figcaption class=\"wp-element-caption\"><strong>Nicola Meneghello e Davide Chiarotto<\/strong><\/figcaption><\/figure>\n\n\n\n<h2 class=\"wp-block-heading\" id=\"Paragrafo-1\">L&#8217;ambizioso obiettivo di 10 milioni di fatturato<\/h2>\n\n\n\n<p>E ora veloci, verso nuovi traguardi.<br><br>\u00ab<em>Da un punto di vista geografico, miriamo a&nbsp;<strong>consolidare il nostro compatto posizionamento in Italia<\/strong>&nbsp;e, in parallelo,&nbsp;<strong>penetrare nuovi mercati<\/strong>, partendo da quelli pi\u00f9 prossimi;<\/em>&nbsp;&#8211; ha condiviso con la stampa Davide, concludendo \u2013&nbsp;<em>in cifre, tutto questo si traduce nell\u2019obiettivo di raggiungere la soglia di&nbsp;<strong>10 milioni di fatturato<\/strong>&nbsp;entro il prossimo triennio<\/em>\u00bb.<br><br><strong>Obiettivi ambiziosi ma anche stimolanti<\/strong>, che spingeranno tutte e tutti noi a continuare senza dubbio a dare il massimo. &nbsp;&nbsp;<br><br>A nome di tutte le THRON People, non ci resta che fare un grande in bocca al lupo a Davide e a Nicola per i rispettivi nuovi ruoli!&nbsp;<\/p>\n\n\n\n<h2 class=\"wp-block-heading\" id=\"Paragrafo-2\">Un po&#8217; di rassegna stampa sulla notizia<\/h2>\n\n\n\n<p>Puoi approfondire l&#8217;argomento anche su alcune testate online:<\/p>\n\n\n\n<ul class=\"wp-block-list\">\n<li><a href=\"https:\/\/www.pambianconews.com\/2023\/07\/05\/doppia-nomina-in-thron-obiettivo-10-mln-di-ricavi-per-i-prossimi-tre-anni-379682\/\" target=\"_blank\" rel=\"noopener\">Pambianco News<\/a><\/li>\n\n\n\n<li><a href=\"https:\/\/www.datamanager.it\/2023\/07\/doppia-nomina-al-vertice-per-thron\/\" target=\"_blank\" rel=\"noopener\">Data Manager<\/a><\/li>\n\n\n\n<li><a href=\"https:\/\/nordesteconomia.gelocal.it\/imprese\/2023\/07\/05\/news\/thron_doppia_nomina_allinterno_del_cda_chiarotto_nuovo_ad-12925891\/\" target=\"_blank\" rel=\"noopener\">NordEst Economia<\/a><\/li>\n\n\n\n<li><a href=\"https:\/\/www.businesspeople.it\/people\/people-moving\/thron-davide-chiarotto-nuovo-ceo\/\" target=\"_blank\" rel=\"noopener\">Business People<\/a>.<\/li>\n<\/ul>\n","protected":false},"excerpt":{"rendered":"<p>Evolviamo, nel segno della continuit\u00e0. Davide Chiarotto \u00e8 il nostro nuovo CEO mentre Nicola Meneghello, Founder, \u00e8 il nuovo Presidente.<\/p>\n","protected":false},"author":10,"featured_media":8862,"comment_status":"closed","ping_status":"closed","sticky":false,"template":"","format":"standard","meta":{"_acf_changed":false,"footnotes":""},"categories":[8],"tags":[],"class_list":["post-4188","post","type-post","status-publish","format-standard","has-post-thumbnail","hentry","category-corporate"],"acf":[],"_links":{"self":[{"href":"https:\/\/www.thron.com\/it\/wp-json\/wp\/v2\/posts\/4188","targetHints":{"allow":["GET"]}}],"collection":[{"href":"https:\/\/www.thron.com\/it\/wp-json\/wp\/v2\/posts"}],"about":[{"href":"https:\/\/www.thron.com\/it\/wp-json\/wp\/v2\/types\/post"}],"author":[{"embeddable":true,"href":"https:\/\/www.thron.com\/it\/wp-json\/wp\/v2\/users\/10"}],"replies":[{"embeddable":true,"href":"https:\/\/www.thron.com\/it\/wp-json\/wp\/v2\/comments?post=4188"}],"version-history":[{"count":18,"href":"https:\/\/www.thron.com\/it\/wp-json\/wp\/v2\/posts\/4188\/revisions"}],"predecessor-version":[{"id":11334,"href":"https:\/\/www.thron.com\/it\/wp-json\/wp\/v2\/posts\/4188\/revisions\/11334"}],"wp:featuredmedia":[{"embeddable":true,"href":"https:\/\/www.thron.com\/it\/wp-json\/wp\/v2\/media\/8862"}],"wp:attachment":[{"href":"https:\/\/www.thron.com\/it\/wp-json\/wp\/v2\/media?parent=4188"}],"wp:term":[{"taxonomy":"category","embeddable":true,"href":"https:\/\/www.thron.com\/it\/wp-json\/wp\/v2\/categories?post=4188"},{"taxonomy":"post_tag","embeddable":true,"href":"https:\/\/www.thron.com\/it\/wp-json\/wp\/v2\/tags?post=4188"}],"curies":[{"name":"wp","href":"https:\/\/api.w.org\/{rel}","templated":true}]}}